{"id":41971,"date":"2021-09-21T12:03:15","date_gmt":"2021-09-21T11:03:15","guid":{"rendered":"https:\/\/liziba.cg\/?p=41971"},"modified":"2021-09-21T12:04:57","modified_gmt":"2021-09-21T11:04:57","slug":"cybercriminalite-la-securisation-des-donnees-un-defi-majeur-pour-les-etats","status":"publish","type":"post","link":"https:\/\/liziba.cg\/en\/cybercriminalite-la-securisation-des-donnees-un-defi-majeur-pour-les-etats\/","title":{"rendered":"Cybercriminalit\u00e9 : la s\u00e9curisation des donn\u00e9es, un d\u00e9fi majeur pour les Etats"},"content":{"rendered":"<div data-elementor-type=\"wp-post\" data-elementor-id=\"41971\" class=\"elementor elementor-41971\" data-elementor-post-type=\"post\">\n\t\t\t\t\t\t<section class=\"elementor-section elementor-top-section elementor-element elementor-element-b0c3005 elementor-section-boxed elementor-section-height-default elementor-section-height-default\" data-id=\"b0c3005\" data-element_type=\"section\" data-e-type=\"section\">\n\t\t\t\t\t\t<div class=\"elementor-container elementor-column-gap-default\">\n\t\t\t\t\t<div class=\"elementor-column elementor-col-100 elementor-top-column elementor-element elementor-element-7577651\" data-id=\"7577651\" data-element_type=\"column\" data-e-type=\"column\">\n\t\t\t<div class=\"elementor-widget-wrap elementor-element-populated\">\n\t\t\t\t\t\t<div class=\"elementor-element elementor-element-d139c95 elementor-widget elementor-widget-spacer\" data-id=\"d139c95\" data-element_type=\"widget\" data-e-type=\"widget\" data-widget_type=\"spacer.default\">\n\t\t\t\t<div class=\"elementor-widget-container\">\n\t\t\t\t\t\t\t<div class=\"elementor-spacer\">\n\t\t\t<div class=\"elementor-spacer-inner\"><\/div>\n\t\t<\/div>\n\t\t\t\t\t\t<\/div>\n\t\t\t\t<\/div>\n\t\t\t\t<div class=\"elementor-element elementor-element-99c390c elementor-widget elementor-widget-heading\" data-id=\"99c390c\" data-element_type=\"widget\" data-e-type=\"widget\" data-widget_type=\"heading.default\">\n\t\t\t\t<div class=\"elementor-widget-container\">\n\t\t\t\t\t<h4 class=\"elementor-heading-title elementor-size-default\">Avec le recours accru aux technologies de l\u2019information et de la communication, la question relative \u00e0 la cybers\u00e9curit\u00e9 repr\u00e9sente un grand enjeu pour la soci\u00e9t\u00e9.<\/h4>\t\t\t\t<\/div>\n\t\t\t\t<\/div>\n\t\t\t\t\t<\/div>\n\t\t<\/div>\n\t\t\t\t\t<\/div>\n\t\t<\/section>\n\t\t\t\t<section class=\"elementor-section elementor-top-section elementor-element elementor-element-55ddd97 elementor-section-boxed elementor-section-height-default elementor-section-height-default\" data-id=\"55ddd97\" data-element_type=\"section\" data-e-type=\"section\">\n\t\t\t\t\t\t<div class=\"elementor-container elementor-column-gap-default\">\n\t\t\t\t\t<div class=\"elementor-column elementor-col-100 elementor-top-column elementor-element elementor-element-e1c0861\" data-id=\"e1c0861\" data-element_type=\"column\" data-e-type=\"column\">\n\t\t\t<div class=\"elementor-widget-wrap elementor-element-populated\">\n\t\t\t\t\t\t<div class=\"elementor-element elementor-element-bb1322f elementor-widget-divider--view-line elementor-widget elementor-widget-divider\" data-id=\"bb1322f\" data-element_type=\"widget\" data-e-type=\"widget\" data-widget_type=\"divider.default\">\n\t\t\t\t<div class=\"elementor-widget-container\">\n\t\t\t\t\t\t\t<div class=\"elementor-divider\">\n\t\t\t<span class=\"elementor-divider-separator\">\n\t\t\t\t\t\t<\/span>\n\t\t<\/div>\n\t\t\t\t\t\t<\/div>\n\t\t\t\t<\/div>\n\t\t\t\t<div class=\"elementor-element elementor-element-0b57845 elementor-widget elementor-widget-text-editor\" data-id=\"0b57845\" data-element_type=\"widget\" data-e-type=\"widget\" data-widget_type=\"text-editor.default\">\n\t\t\t\t<div class=\"elementor-widget-container\">\n\t\t\t\t\t\t\t\t\t<div class=\"field field-name-field-texte field-type-text-long field-label-hidden view-mode-full\"><div class=\"field-items\"><div class=\"field-item even\"><p>L\u2019int\u00e9r\u00eat de sensibiliser les institutions et\u00a0les entreprises sur le sujet puis d\u2019apporter des solutions concr\u00e8tes visant \u00e0 favoriser l\u2019inclusion de la culture de la cybercriminalit\u00e9 s&#8217;est traduit par la tenue, du 16 au 17 septembre \u00e0 Kint\u00e9l\u00e9, du forum Brazza cybers\u00e9curity. Ce colloque a \u00e9t\u00e9 organis\u00e9 par la soci\u00e9t\u00e9 Skytech sur le th\u00e8me\u00a0<em>\u00ab La cybers\u00e9curit\u00e9, un enjeu strat\u00e9gique pour les Etats, les entreprises et institutions en Afrique.\u00a0\u00bb<\/em><\/p><p><em>\u00ab\u00a0Nous avons mis en avant les grands leaders et experts de la Tech, de la cybers\u00e9curit\u00e9 et nos hautes institutions pour partager leurs connaissances et leurs avis sur les questions de cybercriminalit\u00e9 en Afrique, leurs solutions en mati\u00e8re de protection de donn\u00e9es, d\u2019\u00e9mergence technologique et de transformation digitale\u00a0\u00bb,<\/em> a indiqu\u00e9 le promoteur dudit forum, Arnaud Aken Elion.<\/p><p>Intervenant \u00e0 cette occasion, le ministre des Postes, des T\u00e9l\u00e9communications et de l\u2019Economie num\u00e9rique, L\u00e9on Juste Ibombo, a fait savoir que\u00a0dans le monde, les dommages caus\u00e9s par la cybercriminalit\u00e9 ont \u00e9t\u00e9 estim\u00e9s \u00e0 plus de\u00a0 600 milliards de dollars, soit 1% du\u00a0produit int\u00e9rieur brut\u00a0mondial d\u00e9tourn\u00e9. En 2020, les attaques sont pass\u00e9es de 1 200 en d\u00e9but d\u2019ann\u00e9e \u00e0 plus de 380 000 au mois d\u2019avril.<\/p><p>Au regard de cette r\u00e9alit\u00e9, <em>\u00ab\u00a0la cybers\u00e9curit\u00e9 peut \u00eatre consid\u00e9r\u00e9e comme un outil indispensable et doit s\u2019imposer dans la strat\u00e9gie globale de gouvernance. Il importe donc aux Etats d\u2019adapter les outils juridiques permettant de lutter contre ce fl\u00e9au\u00a0\u00bb<\/em>, a soulign\u00e9 L\u00e9on Juste Ibombo.<\/p><p>A noter que Skytech-Congo est une soci\u00e9t\u00e9 qui \u0153uvre dans le domaine de la cybers\u00e9curit\u00e9, des syst\u00e8mes de s\u00e9curit\u00e9 \u00e9lectronique et solaire, des t\u00e9l\u00e9communications et informatique.<\/p><\/div><\/div><\/div><div class=\"field field-name-field-nom-du-journaliste field-type-text field-label-hidden view-mode-full\"><div class=\"field-items\"><div class=\"field-item even\"><strong>Lopelle Mboussa Gassia<\/strong><\/div><\/div><\/div>\t\t\t\t\t\t\t\t<\/div>\n\t\t\t\t<\/div>\n\t\t\t\t\t<\/div>\n\t\t<\/div>\n\t\t\t\t\t<\/div>\n\t\t<\/section>\n\t\t\t\t<\/div>","protected":false},"excerpt":{"rendered":"<p>Avec le recours accru aux technologies de l\u2019information et de la communication, la question relative \u00e0 la cybers\u00e9curit\u00e9 repr\u00e9sente un grand enjeu pour la soci\u00e9t\u00e9. L\u2019int\u00e9r\u00eat de sensibiliser les institutions [&hellip;]<\/p>\n","protected":false},"author":25,"featured_media":41973,"comment_status":"open","ping_status":"open","sticky":false,"template":"","format":"standard","meta":{"_acf_changed":false,"footnotes":""},"categories":[1],"tags":[],"class_list":["post-41971","post","type-post","status-publish","format-standard","has-post-thumbnail","hentry","category-uncategorized"],"acf":[],"_links":{"self":[{"href":"https:\/\/liziba.cg\/en\/wp-json\/wp\/v2\/posts\/41971","targetHints":{"allow":["GET"]}}],"collection":[{"href":"https:\/\/liziba.cg\/en\/wp-json\/wp\/v2\/posts"}],"about":[{"href":"https:\/\/liziba.cg\/en\/wp-json\/wp\/v2\/types\/post"}],"author":[{"embeddable":true,"href":"https:\/\/liziba.cg\/en\/wp-json\/wp\/v2\/users\/25"}],"replies":[{"embeddable":true,"href":"https:\/\/liziba.cg\/en\/wp-json\/wp\/v2\/comments?post=41971"}],"version-history":[{"count":0,"href":"https:\/\/liziba.cg\/en\/wp-json\/wp\/v2\/posts\/41971\/revisions"}],"wp:featuredmedia":[{"embeddable":true,"href":"https:\/\/liziba.cg\/en\/wp-json\/wp\/v2\/media\/41973"}],"wp:attachment":[{"href":"https:\/\/liziba.cg\/en\/wp-json\/wp\/v2\/media?parent=41971"}],"wp:term":[{"taxonomy":"category","embeddable":true,"href":"https:\/\/liziba.cg\/en\/wp-json\/wp\/v2\/categories?post=41971"},{"taxonomy":"post_tag","embeddable":true,"href":"https:\/\/liziba.cg\/en\/wp-json\/wp\/v2\/tags?post=41971"}],"curies":[{"name":"wp","href":"https:\/\/api.w.org\/{rel}","templated":true}]}}