{"id":41925,"date":"2021-09-20T16:56:42","date_gmt":"2021-09-20T15:56:42","guid":{"rendered":"https:\/\/liziba.cg\/?p=41925"},"modified":"2021-09-20T16:57:49","modified_gmt":"2021-09-20T15:57:49","slug":"diaspora-entreprendre-et-investir-au-congo","status":"publish","type":"post","link":"https:\/\/liziba.cg\/en\/diaspora-entreprendre-et-investir-au-congo\/","title":{"rendered":"Diaspora : Entreprendre et investir au Congo"},"content":{"rendered":"<div data-elementor-type=\"wp-post\" data-elementor-id=\"41925\" class=\"elementor elementor-41925\" data-elementor-post-type=\"post\">\n\t\t\t\t\t\t<section class=\"elementor-section elementor-top-section elementor-element elementor-element-e5ec5eb elementor-section-boxed elementor-section-height-default elementor-section-height-default\" data-id=\"e5ec5eb\" data-element_type=\"section\" data-e-type=\"section\">\n\t\t\t\t\t\t<div class=\"elementor-container elementor-column-gap-default\">\n\t\t\t\t\t<div class=\"elementor-column elementor-col-100 elementor-top-column elementor-element elementor-element-5f9b058\" data-id=\"5f9b058\" data-element_type=\"column\" data-e-type=\"column\">\n\t\t\t<div class=\"elementor-widget-wrap elementor-element-populated\">\n\t\t\t\t\t\t<div class=\"elementor-element elementor-element-56ab69a elementor-widget-divider--view-line elementor-widget elementor-widget-divider\" data-id=\"56ab69a\" data-element_type=\"widget\" data-e-type=\"widget\" data-widget_type=\"divider.default\">\n\t\t\t\t<div class=\"elementor-widget-container\">\n\t\t\t\t\t\t\t<div class=\"elementor-divider\">\n\t\t\t<span class=\"elementor-divider-separator\">\n\t\t\t\t\t\t<\/span>\n\t\t<\/div>\n\t\t\t\t\t\t<\/div>\n\t\t\t\t<\/div>\n\t\t\t\t\t<\/div>\n\t\t<\/div>\n\t\t\t\t\t<\/div>\n\t\t<\/section>\n\t\t\t\t<section class=\"elementor-section elementor-top-section elementor-element elementor-element-80210dd elementor-section-boxed elementor-section-height-default elementor-section-height-default\" data-id=\"80210dd\" data-element_type=\"section\" data-e-type=\"section\">\n\t\t\t\t\t\t<div class=\"elementor-container elementor-column-gap-default\">\n\t\t\t\t\t<div class=\"elementor-column elementor-col-100 elementor-top-column elementor-element elementor-element-003eed3\" data-id=\"003eed3\" data-element_type=\"column\" data-e-type=\"column\">\n\t\t\t<div class=\"elementor-widget-wrap elementor-element-populated\">\n\t\t\t\t\t\t<div class=\"elementor-element elementor-element-807c282 elementor-widget elementor-widget-heading\" data-id=\"807c282\" data-element_type=\"widget\" data-e-type=\"widget\" data-widget_type=\"heading.default\">\n\t\t\t\t<div class=\"elementor-widget-container\">\n\t\t\t\t\t<h5 class=\"elementor-heading-title elementor-size-default\">Dans la continuit\u00e9 de la mission gouvernementale conduite en France par le Premier ministre, Anatole Collinet Makosso, Jacqueline Lydia Mikolo, ministre des Petites et moyennes entreprises (PME), de l\u2019Artisanat et du Secteur informel, en partenariat avec les Ateliers citoyens congolais, d\u00e9l\u00e8gue son directeur de cabinet aupr\u00e8s des Congolais de l\u2019\u00e9tranger pour la poursuite de discussions techniques et sectorielles.\n<\/h5>\t\t\t\t<\/div>\n\t\t\t\t<\/div>\n\t\t\t\t\t<\/div>\n\t\t<\/div>\n\t\t\t\t\t<\/div>\n\t\t<\/section>\n\t\t\t\t<section class=\"elementor-section elementor-top-section elementor-element elementor-element-4143b8d elementor-section-boxed elementor-section-height-default elementor-section-height-default\" data-id=\"4143b8d\" data-element_type=\"section\" data-e-type=\"section\">\n\t\t\t\t\t\t<div class=\"elementor-container elementor-column-gap-default\">\n\t\t\t\t\t<div class=\"elementor-column elementor-col-100 elementor-top-column elementor-element elementor-element-51d47c1\" data-id=\"51d47c1\" data-element_type=\"column\" data-e-type=\"column\">\n\t\t\t<div class=\"elementor-widget-wrap elementor-element-populated\">\n\t\t\t\t\t\t<div class=\"elementor-element elementor-element-a4d2eb6 elementor-widget-divider--view-line elementor-widget elementor-widget-divider\" data-id=\"a4d2eb6\" data-element_type=\"widget\" data-e-type=\"widget\" data-widget_type=\"divider.default\">\n\t\t\t\t<div class=\"elementor-widget-container\">\n\t\t\t\t\t\t\t<div class=\"elementor-divider\">\n\t\t\t<span class=\"elementor-divider-separator\">\n\t\t\t\t\t\t<\/span>\n\t\t<\/div>\n\t\t\t\t\t\t<\/div>\n\t\t\t\t<\/div>\n\t\t\t\t<div class=\"elementor-element elementor-element-73fc357 elementor-widget elementor-widget-text-editor\" data-id=\"73fc357\" data-element_type=\"widget\" data-e-type=\"widget\" data-widget_type=\"text-editor.default\">\n\t\t\t\t<div class=\"elementor-widget-container\">\n\t\t\t\t\t\t\t\t\t<div class=\"field field-name-field-texte field-type-text-long field-label-hidden view-mode-full\"><div class=\"field-items\"><div class=\"field-item even\"><p>\u00c0 la qu\u00eate de comp\u00e9tences de l\u2019entrepreneuriat au sein de la diaspora, et en tant qu\u2019ancien membre de la communaut\u00e9 congolaise de France, Prince Bertrand Bahamboula, directeur de cabinet du minist\u00e8re des PME, de l\u2019Artisanat et du Secteur informel, a anim\u00e9 une rencontre technique en respect de la perspective d\u2019accompagner la vision du chef de l\u2019\u00c9tat, Denis Sassou N\u2019Guesso, d\u2019ouvrir le Congo \u00e0 l\u2019international.<\/p><p>Cette ouverture passe par l\u2019implication des Congolais de l\u2019\u00e9tranger. Aupr\u00e8s de ses compatriotes, r\u00e9pondre \u00e0 la s\u00e9rie de questionnements\u00a0: Comment cr\u00e9er une entreprise\u00a0? Comment inciter les Congolais \u00e0 cr\u00e9er\u00a0? Comment mettre \u00e0 disposition un guichet unique relatif aux informations sur les d\u00e9marches de cr\u00e9ation des entreprises accessibles \u00e0 tous\u00a0?<\/p><p>Cet \u00e9v\u00e9nement, intitul\u00e9 &#8220;Entreprendre et investir au Congo \/ Le FIGA, une opportunit\u00e9 pour la diaspora congolaise &#8220;, s\u2019est d\u00e9roul\u00e9 le 11 septembre \u00e0 Paris-Montrouge, en respect scrupuleux des r\u00e8gles sanitaires, en pr\u00e9sence de L\u00e9on Juste Ibombo, ministre des Postes, des T\u00e9l\u00e9communications et de l&#8217;\u00c9conomie num\u00e9rique, de passage \u00e0 Paris; des entrepreneurs congolais et des pr\u00e9sidents d\u2019associations, tous d\u00e9sireux d\u2019obtenir l&#8217;attractivit\u00e9 du Congo dans sa politique de diversification \u00e9conomique.<\/p><p>Quoique technique, il est important de rappeler que la destination Congo, de par son positionnement g\u00e9ographique, offre un environnement favorable aux investisseurs. La l\u00e9gislation congolaise cr\u00e9e un climat favorable pour la diversification de l\u2019\u00e9conomie voulue par le pr\u00e9sident Denis Sassou N\u2019Guesso afin de permettre de r\u00e9tablir l\u2019Etat de droit, construire une administration performante et cr\u00e9er des institutions efficaces. Le minist\u00e8re des PME, de l\u2019Artisanat et du Secteur informel a mis en place des dispositifs, tant dans les zones sp\u00e9ciales que dans l\u2019accompagnement tel que le Projet d\u2019appui \u00e0 la diversification \u00e9conomique de la Banque mondiale, dans le cadre d\u2019un partenariat technique pour soutenir les PMI et PME congolaises dans leurs d\u00e9marches entrepreneuriales.<\/p><p>Concr\u00e8tement, il s\u2019agissait, pour le directeur de cabinet, de passer en revue les dispositifs d\u2019appui existants dans son minist\u00e8re, encore m\u00e9connus des Congolais de l\u2019\u00e9tranger, afin de les sensibiliser et les mobiliser aux avantages des dispositifs d\u2019accompagnement entrepreneurial. En retour, susciter des \u00e9changes et des d\u00e9bats d\u2019une mani\u00e8re contributive en rapport aux besoins et aux attentes de la diaspora si n\u00e9cessaire.<\/p><p>Parmi l\u2019acc\u00e8s au cr\u00e9dit se r\u00e9v\u00e9lant l\u2019un des freins, du fait de la demande de garanties du pr\u00eat, du co\u00fbt \u00e9lev\u00e9 et de s\u00fbret\u00e9s r\u00e9elles, il a soulign\u00e9 combien son minist\u00e8re s\u2019appuie sur le Fonds d\u2019impulsion de garantie et d\u2019accompagnement, FIGA. Cet outil a \u00e9t\u00e9 pr\u00e9sent\u00e9 comme la possibilit\u00e9 d\u2019une assistance directe aux entreprises en cr\u00e9ation, en reprise d\u2019activit\u00e9s ou en d\u00e9veloppement, confront\u00e9es aux probl\u00e8mes d\u2019acc\u00e8s aux ressources financi\u00e8res, mat\u00e9rielles et immat\u00e9rielles.<\/p><p>Cette rencontre a permis \u00e0 Edwige Yombi Sitou, EMS N\u00e9goces, et Clenne Mouangou, qui a fond\u00e9 CM Agrobusiness, une soci\u00e9t\u00e9 d&#8217;\u00e9levage de porcs au Congo, de parler des exp\u00e9riences respectives de leurs entreprises, en France et au Congo.<\/p><p>Face au foisonnement d\u2019investisseurs de la diaspora, Prince Bertrand Bahamboula, en respect de la feuille de route de sa ministre de tutelle mise en place pour les six mois \u00e0 venir depuis la prise de ses fonctions, s\u2019est engag\u00e9 \u00e0 suivre et accompagner une dizaine d\u2019entre eux. <em>\u00ab Nous partons sur l\u2019existant&#8230;Si nous pouvons faire aboutir au succ\u00e8s une ou deux entreprises de la diaspora, nous aurons r\u00e9ussi\u00a0!\u00a0\u00bb<\/em>, a-t-il confi\u00e9.<\/p><\/div><\/div><\/div><div class=\"field field-name-field-nom-du-journaliste field-type-text field-label-hidden view-mode-full\"><div class=\"field-items\"><div class=\"field-item even\">Marie Alfred Ngoma<\/div><\/div><\/div><section class=\"field field-name-field-legendes-photos field-type-text-long field-label-above view-mode-full\"><p class=\"field-label\">L\u00e9gendes et cr\u00e9dits photo :\u00a0<\/p><div class=\"field-items\"><div class=\"field-item even\">Photo : Une des s\u00e9quences de la rencontre \u00e9conomique \u00e0 Paris Montrouge, &#8220;Entreprendre et investir au Congo&#8221;, le 11 septembre 2021<\/div><\/div><\/section>\t\t\t\t\t\t\t\t<\/div>\n\t\t\t\t<\/div>\n\t\t\t\t\t<\/div>\n\t\t<\/div>\n\t\t\t\t\t<\/div>\n\t\t<\/section>\n\t\t\t\t<\/div>","protected":false},"excerpt":{"rendered":"<p>Dans la continuit\u00e9 de la mission gouvernementale conduite en France par le Premier ministre, Anatole Collinet Makosso, Jacqueline Lydia Mikolo, ministre des Petites et moyennes entreprises (PME), de l\u2019Artisanat et [&hellip;]<\/p>\n","protected":false},"author":25,"featured_media":41934,"comment_status":"open","ping_status":"open","sticky":false,"template":"","format":"standard","meta":{"_acf_changed":false,"footnotes":""},"categories":[1],"tags":[],"class_list":["post-41925","post","type-post","status-publish","format-standard","has-post-thumbnail","hentry","category-uncategorized"],"acf":[],"_links":{"self":[{"href":"https:\/\/liziba.cg\/en\/wp-json\/wp\/v2\/posts\/41925","targetHints":{"allow":["GET"]}}],"collection":[{"href":"https:\/\/liziba.cg\/en\/wp-json\/wp\/v2\/posts"}],"about":[{"href":"https:\/\/liziba.cg\/en\/wp-json\/wp\/v2\/types\/post"}],"author":[{"embeddable":true,"href":"https:\/\/liziba.cg\/en\/wp-json\/wp\/v2\/users\/25"}],"replies":[{"embeddable":true,"href":"https:\/\/liziba.cg\/en\/wp-json\/wp\/v2\/comments?post=41925"}],"version-history":[{"count":0,"href":"https:\/\/liziba.cg\/en\/wp-json\/wp\/v2\/posts\/41925\/revisions"}],"wp:featuredmedia":[{"embeddable":true,"href":"https:\/\/liziba.cg\/en\/wp-json\/wp\/v2\/media\/41934"}],"wp:attachment":[{"href":"https:\/\/liziba.cg\/en\/wp-json\/wp\/v2\/media?parent=41925"}],"wp:term":[{"taxonomy":"category","embeddable":true,"href":"https:\/\/liziba.cg\/en\/wp-json\/wp\/v2\/categories?post=41925"},{"taxonomy":"post_tag","embeddable":true,"href":"https:\/\/liziba.cg\/en\/wp-json\/wp\/v2\/tags?post=41925"}],"curies":[{"name":"wp","href":"https:\/\/api.w.org\/{rel}","templated":true}]}}