{"id":41902,"date":"2021-09-20T16:09:51","date_gmt":"2021-09-20T15:09:51","guid":{"rendered":"https:\/\/liziba.cg\/?p=41902"},"modified":"2021-09-20T16:10:58","modified_gmt":"2021-09-20T15:10:58","slug":"cemac-un-observatoire-pour-ameliorer-le-climat-des-affaires-au-congo","status":"publish","type":"post","link":"https:\/\/liziba.cg\/en\/cemac-un-observatoire-pour-ameliorer-le-climat-des-affaires-au-congo\/","title":{"rendered":"C\u00e9mac : un observatoire pour am\u00e9liorer le climat des affaires au Congo"},"content":{"rendered":"<div data-elementor-type=\"wp-post\" data-elementor-id=\"41902\" class=\"elementor elementor-41902\" data-elementor-post-type=\"post\">\n\t\t\t\t\t\t<section class=\"elementor-section elementor-top-section elementor-element elementor-element-75f38ef elementor-section-boxed elementor-section-height-default elementor-section-height-default\" data-id=\"75f38ef\" data-element_type=\"section\" data-e-type=\"section\">\n\t\t\t\t\t\t<div class=\"elementor-container elementor-column-gap-default\">\n\t\t\t\t\t<div class=\"elementor-column elementor-col-100 elementor-top-column elementor-element elementor-element-009bd16\" data-id=\"009bd16\" data-element_type=\"column\" data-e-type=\"column\">\n\t\t\t<div class=\"elementor-widget-wrap elementor-element-populated\">\n\t\t\t\t\t\t<div class=\"elementor-element elementor-element-09fa54f elementor-widget elementor-widget-spacer\" data-id=\"09fa54f\" data-element_type=\"widget\" data-e-type=\"widget\" data-widget_type=\"spacer.default\">\n\t\t\t\t<div class=\"elementor-widget-container\">\n\t\t\t\t\t\t\t<div class=\"elementor-spacer\">\n\t\t\t<div class=\"elementor-spacer-inner\"><\/div>\n\t\t<\/div>\n\t\t\t\t\t\t<\/div>\n\t\t\t\t<\/div>\n\t\t\t\t<div class=\"elementor-element elementor-element-e0e6ee6 elementor-widget elementor-widget-heading\" data-id=\"e0e6ee6\" data-element_type=\"widget\" data-e-type=\"widget\" data-widget_type=\"heading.default\">\n\t\t\t\t<div class=\"elementor-widget-container\">\n\t\t\t\t\t<h4 class=\"elementor-heading-title elementor-size-default\">Le commissaire en charge du d\u00e9partement des politiques \u00e9conomiques, mon\u00e9taires et financi\u00e8res de la Communaut\u00e9 \u00e9conomique et mon\u00e9taire de l\u2019Afrique centrale (C\u00e9mac), Cl\u00e9ment B\u00e9lingaba, a annonc\u00e9, l\u2019installation au Congo d\u2019un point focal de l\u2019observatoire pour l\u2019am\u00e9lioration du climat des affaires.<\/h4>\t\t\t\t<\/div>\n\t\t\t\t<\/div>\n\t\t\t\t<div class=\"elementor-element elementor-element-7eeb149 elementor-widget elementor-widget-spacer\" data-id=\"7eeb149\" data-element_type=\"widget\" data-e-type=\"widget\" data-widget_type=\"spacer.default\">\n\t\t\t\t<div class=\"elementor-widget-container\">\n\t\t\t\t\t\t\t<div class=\"elementor-spacer\">\n\t\t\t<div class=\"elementor-spacer-inner\"><\/div>\n\t\t<\/div>\n\t\t\t\t\t\t<\/div>\n\t\t\t\t<\/div>\n\t\t\t\t\t<\/div>\n\t\t<\/div>\n\t\t\t\t\t<\/div>\n\t\t<\/section>\n\t\t\t\t<section class=\"elementor-section elementor-top-section elementor-element elementor-element-1cebb67 elementor-section-boxed elementor-section-height-default elementor-section-height-default\" data-id=\"1cebb67\" data-element_type=\"section\" data-e-type=\"section\">\n\t\t\t\t\t\t<div class=\"elementor-container elementor-column-gap-default\">\n\t\t\t\t\t<div class=\"elementor-column elementor-col-100 elementor-top-column elementor-element elementor-element-8ce5608\" data-id=\"8ce5608\" data-element_type=\"column\" data-e-type=\"column\">\n\t\t\t<div class=\"elementor-widget-wrap elementor-element-populated\">\n\t\t\t\t\t\t<div class=\"elementor-element elementor-element-81d92cf elementor-widget elementor-widget-text-editor\" data-id=\"81d92cf\" data-element_type=\"widget\" data-e-type=\"widget\" data-widget_type=\"text-editor.default\">\n\t\t\t\t<div class=\"elementor-widget-container\">\n\t\t\t\t\t\t\t\t\t<div class=\"field field-name-field-texte field-type-text-long field-label-hidden view-mode-full\"><div class=\"field-items\"><div class=\"field-item even\"><p>L\u2019annonce a \u00e9t\u00e9 faite \u00e0 l\u2019issue d\u2019une r\u00e9cente audience entre la d\u00e9l\u00e9gation de la C\u00e9mac conduite par Cl\u00e9ment B\u00e9lingaba et le ministre des Finances, du Budget et du Portefeuille public,\u00a0 Rigobert Roger Andely. L\u2019initiative s\u2019inscrit dans le cadre du projet de mise en place d\u2019un Observatoire du climat des affaires en zone C\u00e9mac.\u00a0\u00a0<\/p><p><em>\u00ab\u00a0En ce moment, nous parcourons les six pays de la zone C\u00e9mac pour installer les points focaux de l\u2019observatoire pour l\u2019am\u00e9lioration du climat des affaires. Les \u00e9changes avec le ministre en charge des finances ont port\u00e9 sur l\u2019importance que nos chefs d\u2019Etat accordent \u00e0 l\u2019am\u00e9lioration du climat des affaires qui est une n\u00e9cessit\u00e9 pour d\u00e9velopper le secteur priv\u00e9 et favoriser l\u2019emploi\u00a0\u00bb, <\/em>a indiqu\u00e9 Cl\u00e9ment B\u00e9lingaba.<\/p><p>Et de poursuivre\u00a0: <em>\u00ab\u00a0Pour permettre \u00e0 cette structure de commencer ses activit\u00e9s, un pack mat\u00e9riel informatique compos\u00e9 d\u2019un ordinateur de bureau, d\u2019un ordinateur portable et d\u2019une imprimante multifonction couleur a \u00e9t\u00e9 mis \u00e0 sa disposition. Cela leur permettra de mener \u00e0 bien leurs objectifs \u00bb.<\/em><\/p><p>A en croire les propos de Cl\u00e9ment B\u00e9lingaba, la mission qu\u2019il effectue dans les six Etats de la zone C\u00e9mac est voulue par les chefs d\u2019Etat en vue de booster les \u00e9conomies de la sous-r\u00e9gion. En effet, l\u2019am\u00e9lioration du climat des affaires, au profit des investisseurs priv\u00e9s, inclut les principaux indicateurs ci-apr\u00e8s\u00a0: l\u2019\u00e9quit\u00e9 de la justice dans les r\u00e8glements des contentieux au tribunal du commerce, la baisse des co\u00fbts de production pour faire face \u00e0 la comp\u00e9titivit\u00e9, la baisse des co\u00fbts de l\u2019\u00e9lectricit\u00e9, l\u2019entretien des routes pour la fluidit\u00e9 du transport des produits, la baisse des co\u00fbts du carburant et l\u2019\u00e9limination de la corruption.<\/p><\/div><\/div><\/div><div class=\"field field-name-field-nom-du-journaliste field-type-text field-label-hidden view-mode-full\"><div class=\"field-items\"><div class=\"field-item even\">Gloria Imelda Lossele<\/div><div class=\"field-item even\">\u00a0<\/div><div class=\"field-item even\">\u00a0<\/div><\/div><\/div><section class=\"field field-name-field-legendes-photos field-type-text-long field-label-above view-mode-full\"><p class=\"field-label\">L\u00e9gendes et cr\u00e9dits photo :\u00a0<\/p><div class=\"field-items\"><div class=\"field-item even\">Le ministre Rigobert Roger Andely et Cl\u00e9ment B\u00e9lingaba \/ DR<\/div><\/div><\/section>\t\t\t\t\t\t\t\t<\/div>\n\t\t\t\t<\/div>\n\t\t\t\t\t<\/div>\n\t\t<\/div>\n\t\t\t\t\t<\/div>\n\t\t<\/section>\n\t\t\t\t<\/div>","protected":false},"excerpt":{"rendered":"<p>Le commissaire en charge du d\u00e9partement des politiques \u00e9conomiques, mon\u00e9taires et financi\u00e8res de la Communaut\u00e9 \u00e9conomique et mon\u00e9taire de l\u2019Afrique centrale (C\u00e9mac), Cl\u00e9ment B\u00e9lingaba, a annonc\u00e9, l\u2019installation au Congo d\u2019un [&hellip;]<\/p>\n","protected":false},"author":25,"featured_media":41903,"comment_status":"open","ping_status":"open","sticky":false,"template":"","format":"standard","meta":{"_acf_changed":false,"footnotes":""},"categories":[1],"tags":[],"class_list":["post-41902","post","type-post","status-publish","format-standard","has-post-thumbnail","hentry","category-uncategorized"],"acf":[],"_links":{"self":[{"href":"https:\/\/liziba.cg\/en\/wp-json\/wp\/v2\/posts\/41902","targetHints":{"allow":["GET"]}}],"collection":[{"href":"https:\/\/liziba.cg\/en\/wp-json\/wp\/v2\/posts"}],"about":[{"href":"https:\/\/liziba.cg\/en\/wp-json\/wp\/v2\/types\/post"}],"author":[{"embeddable":true,"href":"https:\/\/liziba.cg\/en\/wp-json\/wp\/v2\/users\/25"}],"replies":[{"embeddable":true,"href":"https:\/\/liziba.cg\/en\/wp-json\/wp\/v2\/comments?post=41902"}],"version-history":[{"count":0,"href":"https:\/\/liziba.cg\/en\/wp-json\/wp\/v2\/posts\/41902\/revisions"}],"wp:featuredmedia":[{"embeddable":true,"href":"https:\/\/liziba.cg\/en\/wp-json\/wp\/v2\/media\/41903"}],"wp:attachment":[{"href":"https:\/\/liziba.cg\/en\/wp-json\/wp\/v2\/media?parent=41902"}],"wp:term":[{"taxonomy":"category","embeddable":true,"href":"https:\/\/liziba.cg\/en\/wp-json\/wp\/v2\/categories?post=41902"},{"taxonomy":"post_tag","embeddable":true,"href":"https:\/\/liziba.cg\/en\/wp-json\/wp\/v2\/tags?post=41902"}],"curies":[{"name":"wp","href":"https:\/\/api.w.org\/{rel}","templated":true}]}}