{"id":41856,"date":"2021-08-21T12:20:09","date_gmt":"2021-08-21T11:20:09","guid":{"rendered":"https:\/\/liziba.cg\/?p=41856"},"modified":"2021-08-21T12:37:15","modified_gmt":"2021-08-21T11:37:15","slug":"rencontre-avec-le-1er-ministre-du-congo-brazzaville-le-jeudi-26-aout-2021-de-10h00-a-13h00","status":"publish","type":"post","link":"https:\/\/liziba.cg\/en\/rencontre-avec-le-1er-ministre-du-congo-brazzaville-le-jeudi-26-aout-2021-de-10h00-a-13h00\/","title":{"rendered":"Rencontre avec le 1er Ministre du Congo Brazzaville, le jeudi 26 Aout 2021 de 10h00 \u00e0 13h00"},"content":{"rendered":"<div data-elementor-type=\"wp-post\" data-elementor-id=\"41856\" class=\"elementor elementor-41856\" data-elementor-post-type=\"post\">\n\t\t\t\t\t\t<section class=\"elementor-section elementor-top-section elementor-element elementor-element-b3517c8 elementor-section-boxed elementor-section-height-default elementor-section-height-default\" data-id=\"b3517c8\" data-element_type=\"section\" data-e-type=\"section\">\n\t\t\t\t\t\t<div class=\"elementor-container elementor-column-gap-default\">\n\t\t\t\t\t<div class=\"elementor-column elementor-col-100 elementor-top-column elementor-element elementor-element-1ba8c3a\" data-id=\"1ba8c3a\" data-element_type=\"column\" data-e-type=\"column\">\n\t\t\t<div class=\"elementor-widget-wrap elementor-element-populated\">\n\t\t\t\t\t\t<div class=\"elementor-element elementor-element-e51ce5c elementor-widget elementor-widget-text-editor\" data-id=\"e51ce5c\" data-element_type=\"widget\" data-e-type=\"widget\" data-widget_type=\"text-editor.default\">\n\t\t\t\t<div class=\"elementor-widget-container\">\n\t\t\t\t\t\t\t\t\t<p>La CCI Paris Ile-de-France et son Comit\u00e9 d&#8217;Echanges Afrique &#8211; France vous convient le<\/p><p>26 ao\u00fbt 2021 \u00e0 un \u00e9v\u00e9nement organis\u00e9 \u00e0 l&#8217;occasion de la venue de Monsieur <a href=\"https:\/\/www.facebook.com\/A.C.Makosso\/?__cft__%5b0%5d=AZXa7wFctMq5Q8d2sIZ8vtMZKCUGdpTcezVECJPmfXGFcHWKxA3ISlDxMtNdp-Czqmkhdru5lmLsb3azCcRamebQVQseIVCbMHWtzlzoB45183uoQ5Z8iB6YWU2K1UyMef085zjUpmj-JpzbxpX8TosMKToBwkzUhk36sD7BPTsOlw&amp;__tn__=kK-R\">Anatole Collinet Makosso &#8211; Officiel<\/a>, Premier Ministre Congolais, \u00e0 Paris.<\/p><p>Cet \u00e9v\u00e9nement exceptionnel se tiendra\u00a0en pr\u00e9sentiel\u00a0au si\u00e8ge de la\u00a0<span style=\"color: var( --e-global-color-text ); font-family: var( --e-global-typography-text-font-family ), Sans-serif; font-weight: var( --e-global-typography-text-font-weight ); font-size: 1rem;\">CCI Paris Ile-de-France*, au 27 avenue de Friedland, de 10h \u00e0 13h.<\/span><strong style=\"color: var( --e-global-color-text ); font-family: var( --e-global-typography-text-font-family ), Sans-serif; font-size: 1rem;\">\u00a0<\/strong><\/p><p>Le Premier Ministre du Congo sera accompagn\u00e9 de la plupart des Ministres de son gouvernement** et t\u00e9moignera de la diversification de l&#8217;\u00e9conomie congolaise et la mani\u00e8re dont les entreprises fran\u00e7aises peuvent y trouver des opportunit\u00e9s et l&#8217;accompagner.<\/p><p>Un cocktail de networking est pr\u00e9vu \u00e0 l&#8217;issue de cette intervention afin d&#8217;\u00e9changer avec Monsieur Collinet Makosso et les ministres de son gouvernement.<\/p><p>Il sera \u00e9galement possible d&#8217;organiser des rendez-vous individuels, sous r\u00e9serve d&#8217;acceptation et de disponibilit\u00e9. Merci de faire la demande via ce lien <a href=\"https:\/\/l.facebook.com\/l.php?u=http%3A%2F%2Fcciparisidf.fr%2Frencontre-1er-ministre-congolais%3Ffbclid%3DIwAR26eaEqJv0Y3-La__eEwVWrDwLWB0rC6z1SjMafrDGU4jkgwg9h9psL7wc&amp;h=AT2Z9Wc70AUfSeSJ7jAoLyOTB6MIo__yJmpOuiBZaO5akO2tle-llAeHOyKb1LTY_lwIIvCMD_pbdDc1KVbcyidEs8xaW31XYuds1J2oJFG_TscV802yThE4U_ehwXSZnQ&amp;__tn__=-UK-R&amp;c%5b0%5d=AT3sHnsgnrHxvoxKxnrwJ-bKRi2BJtqdUbi2coZcQjqOhXGOoMRn_XRDrp_WnxNRnqe7qAsY68SDEa1P4owLKlRQjz4v1DND0N5aciWgS7D8eZDSGv2QfE_OoaBEbN9XlX_Lt7cx6YvXyUUYSw0TEuR6rW2t896_NZZHNY9kOBrVjU_qZo-bZQ\">http:\/\/cciparisidf.fr\/rencontre-1er-ministre-congolais<\/a><\/p><p>Pour r\u00e9server votre participation \u00e0 l&#8217;\u00e9v\u00e9nement, merci de compl\u00e9ter rapidement le formulaire d&#8217;inscription (nombre de places limit\u00e9).<\/p><p>Mesure <a href=\"https:\/\/www.facebook.com\/hashtag\/covid19?__eep__=6&amp;__cft__%5b0%5d=AZXa7wFctMq5Q8d2sIZ8vtMZKCUGdpTcezVECJPmfXGFcHWKxA3ISlDxMtNdp-Czqmkhdru5lmLsb3azCcRamebQVQseIVCbMHWtzlzoB45183uoQ5Z8iB6YWU2K1UyMef085zjUpmj-JpzbxpX8TosMKToBwkzUhk36sD7BPTsOlw&amp;__tn__=*NK-R\">#covid19<\/a> : conditions d&#8217;acc\u00e8s au site de la CCI Paris Ile-de-France : pr\u00e9sentation du pass sanitaire \u00e0 l&#8217;entr\u00e9e ou test PCR n\u00e9gatif de moins de 72h.<\/p>\t\t\t\t\t\t\t\t<\/div>\n\t\t\t\t<\/div>\n\t\t\t\t<div class=\"elementor-element elementor-element-be5c6e7 elementor-widget elementor-widget-text-editor\" data-id=\"be5c6e7\" data-element_type=\"widget\" data-e-type=\"widget\" data-widget_type=\"text-editor.default\">\n\t\t\t\t<div class=\"elementor-widget-container\">\n\t\t\t\t\t\t\t\t\t<p>**Ministre des affaires \u00e9trang\u00e8res, de la francophonie et des congolais de l\u2019\u00e9tranger &#8211; Ministre des\u00a0 finances, du budget et du portefeuille public &#8211; Ministre de la coop\u00e9ration internationale et promotion des partenariats publics priv\u00e9s &#8211; Ministre du d\u00e9veloppement industriel et promotion du secteur priv\u00e9 &#8211; Ministre PME, artisanat et secteur informel &#8211; Ministre des transports, de l&#8217;aviation civile et de la marine marchande &#8211;\u00a0 Ministre de la communication et des m\u00e9dias &#8211; Ministre de l&#8217;environnement, du d\u00e9veloppement durable et du bassin du Congo &#8211; Ministre des zones \u00e9conomiques sp\u00e9ciales et de la diversification \u00e9conomique\u00a0<\/p>\t\t\t\t\t\t\t\t<\/div>\n\t\t\t\t<\/div>\n\t\t\t\t\t<\/div>\n\t\t<\/div>\n\t\t\t\t\t<\/div>\n\t\t<\/section>\n\t\t\t\t<\/div>","protected":false},"excerpt":{"rendered":"<p>La CCI Paris Ile-de-France et son Comit\u00e9 d&#8217;Echanges Afrique &#8211; France vous convient le 26 ao\u00fbt 2021 \u00e0 un \u00e9v\u00e9nement organis\u00e9 \u00e0 l&#8217;occasion de la venue de Monsieur Anatole Collinet [&hellip;]<\/p>\n","protected":false},"author":1658,"featured_media":41857,"comment_status":"open","ping_status":"open","sticky":false,"template":"","format":"standard","meta":{"_acf_changed":false,"footnotes":""},"categories":[1],"tags":[],"class_list":["post-41856","post","type-post","status-publish","format-standard","has-post-thumbnail","hentry","category-uncategorized"],"acf":[],"_links":{"self":[{"href":"https:\/\/liziba.cg\/en\/wp-json\/wp\/v2\/posts\/41856","targetHints":{"allow":["GET"]}}],"collection":[{"href":"https:\/\/liziba.cg\/en\/wp-json\/wp\/v2\/posts"}],"about":[{"href":"https:\/\/liziba.cg\/en\/wp-json\/wp\/v2\/types\/post"}],"author":[{"embeddable":true,"href":"https:\/\/liziba.cg\/en\/wp-json\/wp\/v2\/users\/1658"}],"replies":[{"embeddable":true,"href":"https:\/\/liziba.cg\/en\/wp-json\/wp\/v2\/comments?post=41856"}],"version-history":[{"count":0,"href":"https:\/\/liziba.cg\/en\/wp-json\/wp\/v2\/posts\/41856\/revisions"}],"wp:featuredmedia":[{"embeddable":true,"href":"https:\/\/liziba.cg\/en\/wp-json\/wp\/v2\/media\/41857"}],"wp:attachment":[{"href":"https:\/\/liziba.cg\/en\/wp-json\/wp\/v2\/media?parent=41856"}],"wp:term":[{"taxonomy":"category","embeddable":true,"href":"https:\/\/liziba.cg\/en\/wp-json\/wp\/v2\/categories?post=41856"},{"taxonomy":"post_tag","embeddable":true,"href":"https:\/\/liziba.cg\/en\/wp-json\/wp\/v2\/tags?post=41856"}],"curies":[{"name":"wp","href":"https:\/\/api.w.org\/{rel}","templated":true}]}}