{"id":24257,"date":"2021-02-19T10:40:02","date_gmt":"2021-02-19T09:40:02","guid":{"rendered":"https:\/\/liziba.cg\/?p=24257"},"modified":"2021-02-19T10:44:14","modified_gmt":"2021-02-19T09:44:14","slug":"plateforme-liziba-cemaco-formations-ohada-quand-dolisie-se-met-a-lheure-de-la-2e-composante-du-programme-de-renforcement-des-capacites-commerciales-et-entrepreneuriale","status":"publish","type":"post","link":"https:\/\/liziba.cg\/en\/plateforme-liziba-cemaco-formations-ohada-quand-dolisie-se-met-a-lheure-de-la-2e-composante-du-programme-de-renforcement-des-capacites-commerciales-et-entrepreneuriale\/","title":{"rendered":"Plateforme Liziba, Cemaco, formations Ohada : quand Dolisie se met \u00e0 l\u2019heure de la 2e composante du Programme de renforcement des capacit\u00e9s commerciales et entrepreneuriale"},"content":{"rendered":"<div data-elementor-type=\"wp-post\" data-elementor-id=\"24257\" class=\"elementor elementor-24257\" data-elementor-post-type=\"post\">\n\t\t\t\t\t\t<section class=\"elementor-section elementor-top-section elementor-element elementor-element-88493b6 elementor-section-boxed elementor-section-height-default elementor-section-height-default\" data-id=\"88493b6\" data-element_type=\"section\" data-e-type=\"section\">\n\t\t\t\t\t\t<div class=\"elementor-container elementor-column-gap-default\">\n\t\t\t\t\t<div class=\"elementor-column elementor-col-100 elementor-top-column elementor-element elementor-element-b20bddc\" data-id=\"b20bddc\" data-element_type=\"column\" data-e-type=\"column\">\n\t\t\t<div class=\"elementor-widget-wrap elementor-element-populated\">\n\t\t\t\t\t\t<div class=\"elementor-element elementor-element-fa7c516 elementor-widget elementor-widget-heading\" data-id=\"fa7c516\" data-element_type=\"widget\" data-e-type=\"widget\" data-widget_type=\"heading.default\">\n\t\t\t\t<div class=\"elementor-widget-container\">\n\t\t\t\t\t<h5 class=\"elementor-heading-title elementor-size-default\">La chambre consulaire de Pointe-Noire, porteuse  de la 2e composante de la deuxi\u00e8me phase du Programme de renforcement des capacit\u00e9s commerciales et entrepreneuriales (PRCCE II),  a entrepris, le mardi 16 f\u00e9vrier 2021 \u00e0 la chambre s\u0153ur de Dolisie, une sensibilisation aux axes d\u00e9velopp\u00e9s dans le cadre de composante. Une op\u00e9ration \u00e9largie \u00e0 la dispensation des formations Ohada.  <\/h5>\t\t\t\t<\/div>\n\t\t\t\t<\/div>\n\t\t\t\t\t<\/div>\n\t\t<\/div>\n\t\t\t\t\t<\/div>\n\t\t<\/section>\n\t\t\t\t<section class=\"elementor-section elementor-top-section elementor-element elementor-element-4a359f4a elementor-section-boxed elementor-section-height-default elementor-section-height-default\" data-id=\"4a359f4a\" data-element_type=\"section\" data-e-type=\"section\">\n\t\t\t\t\t\t<div class=\"elementor-container elementor-column-gap-default\">\n\t\t\t\t\t<div class=\"elementor-column elementor-col-100 elementor-top-column elementor-element elementor-element-57456bc3\" data-id=\"57456bc3\" data-element_type=\"column\" data-e-type=\"column\">\n\t\t\t<div class=\"elementor-widget-wrap elementor-element-populated\">\n\t\t\t\t\t\t<div class=\"elementor-element elementor-element-7f32aa95 elementor-widget elementor-widget-text-editor\" data-id=\"7f32aa95\" data-element_type=\"widget\" data-e-type=\"widget\" data-widget_type=\"text-editor.default\">\n\t\t\t\t<div class=\"elementor-widget-container\">\n\t\t\t\t\t\t\t\t\t<p>Projet \u00e0 port\u00e9e \u00a0nationale, le Programme de renforcement des capacit\u00e9s commerciales et entrepreneuriales (PRCCE II) \u00a0a cibl\u00e9, le temps d\u2019une semaine, la ville \u00a0de Dolisie. Belle endormie\u00a0 dont \u00a0nombre de secteurs d\u2019activit\u00e9s \u00a0souhaitent \u00a0se soustraire \u00a0\u00e0 l\u2019assoupissement. L\u2019op\u00e9ration a notamment\u00a0\u00a0 concern\u00e9\u00a0 la 2<sup>e<\/sup> composante relative \u00e0 l\u2019am\u00e9lioration du climat des affaires. \u00ab\u00a0<em>Dolisie et l\u2019ensemble du d\u00e9partement du Niari veulent reconqu\u00e9rir leur lustre en \u00e9pousant la dynamique des \u00e9conomies locales structur\u00e9es, \u00a0dans lesquelles s\u2019\u00e9panouit une diversit\u00e9 de secteurs d\u2019activit\u00e9s<\/em>\u00a0\u00bb,\u00a0 a r\u00eav\u00e9 le pr\u00e9sident de la chambre consulaire de Pointe-Noire, Sylvestre Didier Mavouenzela, \u00a0repr\u00e9sent\u00e9 par la cheffe du projet, Flora Mavoungou. La sensibilisation a port\u00e9 sur les\u00a0\u00a0 trois axes de la composante\u00a0: Liziba, la \u00a0plateforme d\u2019information des entreprises sur le Congo, r\u00e9pondant au d\u00e9fi de l\u2019acc\u00e8s \u00e0 l\u2019information commerciale et entrepreneuriale\u00a0; la branche pont\u00e9n\u00e9grine du\u00a0\u00a0 Centre de m\u00e9diation et d\u2019arbitrage du Congo(Cemaco) d\u00e9velopp\u00e9 pour acc\u00e9l\u00e9rer \u00a0le r\u00e8glement \u00a0des diff\u00e9rends d\u2019affaires\u00a0; et les formations Ohada servant le dessein de la vulgarisation des neuf actes uniformes.<\/p><p>\u00ab\u00a0 <em>L\u2019information entrepreneuriale existe bel et bien au Congo, mais elle est \u00e9parse. La d\u00e9marche de Liziba est d\u2019avoir centralis\u00e9 en un seul outil cette information<\/em> avec, <em>en plus, un renvoi vers les sites web des institutions impliqu\u00e9es dans l\u2019entrepreneuriat<\/em>\u00a0\u00bb, a sp\u00e9cifi\u00e9 Jean Michel Mavoungou, responsable du Helpdesk, l\u2019entit\u00e9 dont est tributaire la plateforme.<\/p><p>La d\u00e9l\u00e9gu\u00e9e g\u00e9n\u00e9rale du Cemaco-Pointe-Noire y est, elle aussi, all\u00e9e de sa p\u00e9dagogie. Parfaite Pantou\u00a0 a \u00a0mis en \u00e9vidence le contexte ayant sous-tendu la mise en route de l\u2019innovation Cemaco \u2013 la frilosit\u00e9 des investisseurs, l\u2019enlisement des proc\u00e9dures dans les tribunaux \u00e9tatiques. \u00ab\u00a0<em>Avec le Cemaco, vous allez vite en gardant la relation d\u2019affaires<\/em>\u00a0\u00bb, a \u2013t-elle lanc\u00e9, convaincue que l\u2019ADN de cette justice alternative- c\u00e9l\u00e9rit\u00e9,\u00a0 confidentialit\u00e9, impartialit\u00e9- en d\u00e9multiplieront \u00a0l\u2019attrait.<\/p><p>Aux \u00a0premiers efforts de sensibilisation s\u2019est greff\u00e9 le lancement d\u2019une session de formation de quatre jours \u00a0sur les actes uniformes de l\u2019Organisation pour l\u2019harmonisation du droit des affaires en Afrique(Ohada). 25 entreprises y \u00a0\u00a0sont form\u00e9es, sur les 500 qui devraient l\u2019\u00eatre \u00a0sur l\u2019ensemble du territoire \u00e0 l\u2019issue du projet.<\/p><p><strong>Effet d\u2019aubaine sur la chambre \u00a0consulaire de Dolisie <\/strong><\/p><p>Liziba et le Cemaco ont d\u00e9clench\u00e9 des commentaires enthousiastes. <em>\u00ab\u00a0 C\u2019est pour la premi\u00e8re qu\u2019on a un outil de cette utilit\u00e9 dans notre pays\u00a0<\/em>\u00bb, s\u2019est anim\u00e9 un chef d\u2019entreprise. \u00a0\u00ab\u00a0 <em>Avec le Cemaco, plus question donc de recourir aux services de police ou de la gendarmerie\u00a0<\/em>\u00bb, a promis un autre.<\/p><p>Mais l\u2019un des grands gagnants de ces dispositifs pourrait \u00a0\u00eatre \u00a0la chambre consulaire de Dolisie. Partenaire du projet et \u00a0engag\u00e9e \u00a0\u00e0 se remettre d\u2019aplomb apr\u00e8s des ann\u00e9es de fonctionnement erratique, elle a promis \u00a0un investissement dans un espace de travail\u00a0\u00a0 o\u00f9 les acteurs \u00e9conomiques pourront \u00a0consulter la plateforme. \u00a0De quoi esp\u00e9rer des dividendes\u00a0 sur son image. Son secr\u00e9taire g\u00e9n\u00e9ral, Guy Maixent Sosth\u00e8ne Zambilanou s\u2019est d\u2019ailleurs\u00a0 fendu\u00a0 d\u2019un \u00e9lan de gratitude \u00e0 l\u2019endroit de l\u2019Union europ\u00e9enne et de la chambre consulaire de Pointe-Noire. Les\u00a0 \u00a0acteurs \u00a0sensibilis\u00e9s, eux, n\u2019ont qu\u2019une h\u00e2te\u00a0: une r\u00e9\u00e9dition \u00e0 grande \u00e9chelle de cette exp\u00e9rience de sensibilisation.\u00a0<\/p>\t\t\t\t\t\t\t\t<\/div>\n\t\t\t\t<\/div>\n\t\t\t\t\t<\/div>\n\t\t<\/div>\n\t\t\t\t\t<\/div>\n\t\t<\/section>\n\t\t\t\t<\/div>","protected":false},"excerpt":{"rendered":"<p>La chambre consulaire de Pointe-Noire, porteuse de la 2e composante de la deuxi\u00e8me phase du Programme de renforcement des capacit\u00e9s commerciales et entrepreneuriales (PRCCE II), a entrepris, le mardi 16 [&hellip;]<\/p>\n","protected":false},"author":1658,"featured_media":24263,"comment_status":"open","ping_status":"open","sticky":false,"template":"","format":"standard","meta":{"_acf_changed":false,"footnotes":""},"categories":[1],"tags":[],"class_list":["post-24257","post","type-post","status-publish","format-standard","has-post-thumbnail","hentry","category-uncategorized"],"acf":[],"_links":{"self":[{"href":"https:\/\/liziba.cg\/en\/wp-json\/wp\/v2\/posts\/24257","targetHints":{"allow":["GET"]}}],"collection":[{"href":"https:\/\/liziba.cg\/en\/wp-json\/wp\/v2\/posts"}],"about":[{"href":"https:\/\/liziba.cg\/en\/wp-json\/wp\/v2\/types\/post"}],"author":[{"embeddable":true,"href":"https:\/\/liziba.cg\/en\/wp-json\/wp\/v2\/users\/1658"}],"replies":[{"embeddable":true,"href":"https:\/\/liziba.cg\/en\/wp-json\/wp\/v2\/comments?post=24257"}],"version-history":[{"count":0,"href":"https:\/\/liziba.cg\/en\/wp-json\/wp\/v2\/posts\/24257\/revisions"}],"wp:featuredmedia":[{"embeddable":true,"href":"https:\/\/liziba.cg\/en\/wp-json\/wp\/v2\/media\/24263"}],"wp:attachment":[{"href":"https:\/\/liziba.cg\/en\/wp-json\/wp\/v2\/media?parent=24257"}],"wp:term":[{"taxonomy":"category","embeddable":true,"href":"https:\/\/liziba.cg\/en\/wp-json\/wp\/v2\/categories?post=24257"},{"taxonomy":"post_tag","embeddable":true,"href":"https:\/\/liziba.cg\/en\/wp-json\/wp\/v2\/tags?post=24257"}],"curies":[{"name":"wp","href":"https:\/\/api.w.org\/{rel}","templated":true}]}}