{"id":2422,"date":"2020-10-21T11:34:16","date_gmt":"2020-10-21T10:34:16","guid":{"rendered":"https:\/\/liziba.cg\/?p=2422"},"modified":"2020-10-21T15:42:26","modified_gmt":"2020-10-21T14:42:26","slug":"recensement-des-operateurs-economiques-du-congpo","status":"publish","type":"post","link":"https:\/\/liziba.cg\/en\/recensement-des-operateurs-economiques-du-congpo\/","title":{"rendered":"Recensement des op\u00e9rateurs \u00e9conomiques du Congo"},"content":{"rendered":"<div data-elementor-type=\"wp-post\" data-elementor-id=\"2422\" class=\"elementor elementor-2422\" data-elementor-post-type=\"post\">\n\t\t\t\t\t\t<section class=\"elementor-section elementor-top-section elementor-element elementor-element-5b19122d elementor-section-boxed elementor-section-height-default elementor-section-height-default\" data-id=\"5b19122d\" data-element_type=\"section\" data-e-type=\"section\">\n\t\t\t\t\t\t<div class=\"elementor-container elementor-column-gap-default\">\n\t\t\t\t\t<div class=\"elementor-column elementor-col-100 elementor-top-column elementor-element elementor-element-3e885685\" data-id=\"3e885685\" data-element_type=\"column\" data-e-type=\"column\">\n\t\t\t<div class=\"elementor-widget-wrap elementor-element-populated\">\n\t\t\t\t\t\t<div class=\"elementor-element elementor-element-3ec90ac2 elementor-widget elementor-widget-text-editor\" data-id=\"3ec90ac2\" data-element_type=\"widget\" data-e-type=\"widget\" data-widget_type=\"text-editor.default\">\n\t\t\t\t<div class=\"elementor-widget-container\">\n\t\t\t\t\t\t\t\t\t<p>Le tissu des entreprises actives en R\u00e9publique du Congo sera bient\u00f4t ma\u00eetris\u00e9. C\u2019est l\u2019ambition inscrite au c\u0153ur du recensement que lance, ces jours-ci, l\u2019Institut national de la statistique. Une op\u00e9ration sans incidence financi\u00e8re pour les entit\u00e9s \u00e0 recenser.\u00a0<\/p>\n<p>B\u00e2tir des solutions viables d\u2019accompagnement des entreprises passe en grande partie par la ma\u00eetrise de leur nombre. Et de leurs sp\u00e9cificit\u00e9s. La question est actuellement prise \u00e0 bras-le-corps. En effet, un recensement g\u00e9n\u00e9ral des entreprises \u00e9tablies sur tout le territoire congolais sera lanc\u00e9 d\u2019ici au 20 octobre 2020.<\/p>\n<p>Cette op\u00e9ration ne comporte aucune obligation financi\u00e8re pour les entreprises. Qui sont ainsi appel\u00e9es \u00e0 se plier volontiers \u00e0 cette formalit\u00e9, destin\u00e9e \u00e0 pallier une carence longtemps d\u00e9cri\u00e9e en R\u00e9publique du Congo. Notamment l&#8217;absence d&#8217;un syst\u00e8me int\u00e9gr\u00e9 des statistiques d\u2019entreprises, qui devrait permettre la production des indicateurs structurels et conjoncturels \u00e0 m\u00eame d&#8217;\u00e9clairer le d\u00e9bat \u00e9conomique et social. L&#8217;op\u00e9ration sera r\u00e9alis\u00e9e par l&#8217;Institut national de la statistique, qui b\u00e9n\u00e9ficie de l&#8217;appui financier du Projet de renforcement des capacit\u00e9s en statistiques. A terme, l&#8217;action devrait \u00eatre marqu\u00e9e par la mise en place d&#8217;un r\u00e9pertoire de r\u00e9f\u00e9rence des entreprises \u00e0 des fins \u2026 statistiques<\/p>\n\n<div>\u00a0<\/div>\t\t\t\t\t\t\t\t<\/div>\n\t\t\t\t<\/div>\n\t\t\t\t\t<\/div>\n\t\t<\/div>\n\t\t\t\t\t<\/div>\n\t\t<\/section>\n\t\t\t\t<\/div>","protected":false},"excerpt":{"rendered":"<p>L\u2019Institut national de la statistique   lance une op\u00e9ration de recensement des entreprises du Congo <\/p>","protected":false},"author":1658,"featured_media":2423,"comment_status":"open","ping_status":"open","sticky":false,"template":"","format":"standard","meta":{"_acf_changed":false,"footnotes":""},"categories":[1],"tags":[],"class_list":["post-2422","post","type-post","status-publish","format-standard","has-post-thumbnail","hentry","category-uncategorized"],"acf":[],"_links":{"self":[{"href":"https:\/\/liziba.cg\/en\/wp-json\/wp\/v2\/posts\/2422","targetHints":{"allow":["GET"]}}],"collection":[{"href":"https:\/\/liziba.cg\/en\/wp-json\/wp\/v2\/posts"}],"about":[{"href":"https:\/\/liziba.cg\/en\/wp-json\/wp\/v2\/types\/post"}],"author":[{"embeddable":true,"href":"https:\/\/liziba.cg\/en\/wp-json\/wp\/v2\/users\/1658"}],"replies":[{"embeddable":true,"href":"https:\/\/liziba.cg\/en\/wp-json\/wp\/v2\/comments?post=2422"}],"version-history":[{"count":0,"href":"https:\/\/liziba.cg\/en\/wp-json\/wp\/v2\/posts\/2422\/revisions"}],"wp:featuredmedia":[{"embeddable":true,"href":"https:\/\/liziba.cg\/en\/wp-json\/wp\/v2\/media\/2423"}],"wp:attachment":[{"href":"https:\/\/liziba.cg\/en\/wp-json\/wp\/v2\/media?parent=2422"}],"wp:term":[{"taxonomy":"category","embeddable":true,"href":"https:\/\/liziba.cg\/en\/wp-json\/wp\/v2\/categories?post=2422"},{"taxonomy":"post_tag","embeddable":true,"href":"https:\/\/liziba.cg\/en\/wp-json\/wp\/v2\/tags?post=2422"}],"curies":[{"name":"wp","href":"https:\/\/api.w.org\/{rel}","templated":true}]}}